{"id":37575,"date":"2026-08-31T06:21:44","date_gmt":"2026-08-31T11:21:44","guid":{"rendered":"https:\/\/www.puertovallarta.net\/?p=37575"},"modified":"2026-08-31T06:21:44","modified_gmt":"2026-08-31T11:21:44","slug":"ibx-americas-puerto-vallarta-2026","status":"publish","type":"post","link":"https:\/\/www.puertovallarta.net\/espanol\/noticias\/ibx-americas-puerto-vallarta-2026\/","title":{"rendered":"IBX Americas 2026 re\u00fane a compradores MICE en Puerto Vallarta"},"content":{"rendered":"<p>IBX: Americas 2026 re\u00fane a la industria de reuniones iberoamericana en Puerto Vallarta del 30 de agosto al 2 de septiembre, con Meli\u00e1 Puerto Vallarta como hotel sede de un programa de cuatro d\u00edas enfocado en eventos de negocio.<\/p>\n<p>El Fideicomiso de Turismo de Puerto Vallarta presenta el encuentro como una cita de la industria MICE que conecta proveedores globales de servicios tur\u00edsticos con compradores y tomadores de decisiones de Latinoam\u00e9rica, Estados Unidos, Espa\u00f1a y Portugal. El organizador IBX describe el formato como reuniones Human-to-Human seleccionadas, sesiones de aprendizaje y networking para agencias de eventos, casas de incentivo, planeadores corporativos y organizadores boutique.<\/p>\n<p>Para el destino, el encuentro confirma que Puerto Vallarta compite no solo por viajes de descanso, sino tambi\u00e9n por convenciones, incentivos y reuniones de negocio. La agenda publicada por IBX lleva al grupo por espacios reconocibles para visitantes, con registro en <a href=\"https:\/\/www.puertovallarta.net\/espanol\/alojamiento\/melia-puerto-vallarta-all-inclusive-esp\/\">Meli\u00e1 Puerto Vallarta<\/a>, reuniones y comidas en el hotel sede, traslado en catamar\u00e1n a Majahuitas Beach y cenas en La Palapa, Fiesta Americana Puerto Vallarta y La Domosfera.<\/p>\n<p>Los viajeros no necesariamente participan en las reuniones cerradas de la industria, pero el evento importa porque el turismo de reuniones apoya hoteles, restaurantes, transporte y conectividad a\u00e9rea. Quienes visiten la ciudad durante la misma semana pueden prever m\u00e1s movimiento en la Zona Hotelera y revisar la agenda de <a href=\"https:\/\/www.puertovallarta.net\/espanol\/informacion-general\/eventos\/\">eventos en Puerto Vallarta<\/a> junto con la informaci\u00f3n del <a href=\"https:\/\/www.puertovallarta.net\/espanol\/informacion-general\/aeropuerto-puerto-vallarta\/\">aeropuerto de Puerto Vallarta<\/a> antes de organizar sus traslados.<\/p>\n<p>Horarios, reglas de acceso y detalles de sedes deben confirmarse con los organizadores y hoteles, especialmente para sesiones exclusivas de la industria o cenas privadas.<\/p>\n<h2>Fuentes<\/h2>\n<ul>\n<li><a href=\"https:\/\/visitpuertovallarta.com\/events\/ibx-americas-2026\" target=\"_blank\" rel=\"nofollow noopener\">Visit Puerto Vallarta<\/a><\/li>\n<li><a href=\"https:\/\/visitapuertovallarta.com.mx\/eventos\/ibx-americas-2026\" target=\"_blank\" rel=\"nofollow noopener\">Visita Puerto Vallarta<\/a><\/li>\n<li><a href=\"https:\/\/www.ibxevents.com\/events\/ibx-americas-26\" target=\"_blank\" rel=\"nofollow noopener\">IBX Events<\/a><\/li>\n<\/ul>\n","protected":false},"excerpt":{"rendered":"<p>IBX: Americas 2026 re\u00fane a la industria de reuniones iberoamericana en Puerto Vallarta del 30 de agosto al 2 de septiembre, con Meli\u00e1 Puerto Vallarta como hotel sede de un programa de cuatro d\u00edas enfocado en eventos de negocio. El Fideicomiso de Turismo de Puerto Vallarta presenta el encuentro como una cita de la industria &#8230; <a title=\"IBX Americas 2026 re\u00fane a compradores MICE en Puerto Vallarta\" class=\"read-more\" href=\"https:\/\/www.puertovallarta.net\/espanol\/noticias\/ibx-americas-puerto-vallarta-2026\/\" aria-label=\"Leer m\u00e1s sobre IBX Americas 2026 re\u00fane a compradores MICE en Puerto Vallarta\">Averigua m\u00e1s<\/a><\/p>\n","protected":false},"author":5,"featured_media":37500,"comment_status":"open","ping_status":"open","sticky":false,"template":"","format":"standard","meta":{"_eb_attr":"","_mo_disable_npp":"","footnotes":""},"categories":[124],"tags":[],"class_list":["post-37575","post","type-post","status-publish","format-standard","has-post-thumbnail","hentry","category-noticias","generate-columns","tablet-grid-50","mobile-grid-100","grid-parent","grid-33"],"yoast_head":"<!-- This site is optimized with the Yoast SEO plugin v28.3 - https:\/\/yoast.com\/product\/yoast-seo-wordpress\/ -->\n<title>IBX Americas 2026 re\u00fane a compradores MICE en Puerto Vallarta<\/title>\n<meta name=\"description\" content=\"IBX Americas 2026 se realiza del 30 de agosto al 2 de septiembre en Meli\u00e1 Puerto Vallarta con compradores y proveedores globales MICE.\" \/>\n<meta name=\"robots\" content=\"index, follow, max-snippet:-1, max-image-preview:large, max-video-preview:-1\" \/>\n<link rel=\"canonical\" href=\"https:\/\/www.puertovallarta.net\/espanol\/noticias\/ibx-americas-puerto-vallarta-2026\/\" \/>\n<meta property=\"og:locale\" content=\"es_MX\" \/>\n<meta property=\"og:type\" content=\"article\" \/>\n<meta property=\"og:title\" content=\"IBX Americas 2026 re\u00fane a compradores MICE en Puerto Vallarta\" \/>\n<meta property=\"og:description\" content=\"IBX Americas 2026 se realiza del 30 de agosto al 2 de septiembre en Meli\u00e1 Puerto Vallarta con compradores y proveedores globales MICE.\" \/>\n<meta property=\"og:url\" content=\"https:\/\/www.puertovallarta.net\/espanol\/noticias\/ibx-americas-puerto-vallarta-2026\/\" \/>\n<meta property=\"og:site_name\" content=\"Puerto Vallarta Net\" \/>\n<meta property=\"article:publisher\" content=\"https:\/\/www.facebook.com\/puerto.vallarta.jalisco.mexico\/\" \/>\n<meta property=\"article:published_time\" content=\"2026-08-31T11:21:44+00:00\" \/>\n<meta property=\"og:image\" content=\"https:\/\/www.puertovallarta.net\/wp-content\/uploads\/pvnet-ibtm-mice-puerto-vallarta-hero-clean-2026-08-21.jpg\" \/>\n\t<meta property=\"og:image:width\" content=\"1200\" \/>\n\t<meta property=\"og:image:height\" content=\"675\" \/>\n\t<meta property=\"og:image:type\" content=\"image\/jpeg\" \/>\n<meta name=\"author\" content=\"Puerto Vallarta\" \/>\n<meta name=\"twitter:card\" content=\"summary_large_image\" \/>\n<meta name=\"twitter:creator\" content=\"@puertovallarta2\" \/>\n<meta name=\"twitter:site\" content=\"@puertovallarta2\" \/>\n<meta name=\"twitter:label1\" content=\"Escrito por\" \/>\n\t<meta name=\"twitter:data1\" content=\"Puerto Vallarta\" \/>\n\t<meta name=\"twitter:label2\" content=\"Tiempo de lectura\" \/>\n\t<meta name=\"twitter:data2\" content=\"1 minuto\" \/>\n<script type=\"application\/ld+json\" class=\"yoast-schema-graph\">{\"@context\":\"https:\\\/\\\/schema.org\",\"@graph\":[{\"@type\":\"Article\",\"@id\":\"https:\\\/\\\/www.puertovallarta.net\\\/espanol\\\/noticias\\\/ibx-americas-puerto-vallarta-2026\\\/#article\",\"isPartOf\":{\"@id\":\"https:\\\/\\\/www.puertovallarta.net\\\/espanol\\\/noticias\\\/ibx-americas-puerto-vallarta-2026\\\/\"},\"author\":{\"name\":\"Puerto Vallarta\",\"@id\":\"https:\\\/\\\/www.puertovallarta.net\\\/espanol\\\/#\\\/schema\\\/person\\\/6b7e34438b77cbcc368a6065dd6cdaca\"},\"headline\":\"IBX Americas 2026 re\u00fane a compradores MICE en Puerto Vallarta\",\"datePublished\":\"2026-08-31T11:21:44+00:00\",\"mainEntityOfPage\":{\"@id\":\"https:\\\/\\\/www.puertovallarta.net\\\/espanol\\\/noticias\\\/ibx-americas-puerto-vallarta-2026\\\/\"},\"wordCount\":290,\"commentCount\":0,\"publisher\":{\"@id\":\"https:\\\/\\\/www.puertovallarta.net\\\/espanol\\\/#organization\"},\"image\":{\"@id\":\"https:\\\/\\\/www.puertovallarta.net\\\/espanol\\\/noticias\\\/ibx-americas-puerto-vallarta-2026\\\/#primaryimage\"},\"thumbnailUrl\":\"https:\\\/\\\/www.puertovallarta.net\\\/wp-content\\\/uploads\\\/pvnet-ibtm-mice-puerto-vallarta-hero-clean-2026-08-21.jpg\",\"articleSection\":[\"Noticias\"],\"inLanguage\":\"es\",\"potentialAction\":[{\"@type\":\"CommentAction\",\"name\":\"Comment\",\"target\":[\"https:\\\/\\\/www.puertovallarta.net\\\/espanol\\\/noticias\\\/ibx-americas-puerto-vallarta-2026\\\/#respond\"]}]},{\"@type\":\"WebPage\",\"@id\":\"https:\\\/\\\/www.puertovallarta.net\\\/espanol\\\/noticias\\\/ibx-americas-puerto-vallarta-2026\\\/\",\"url\":\"https:\\\/\\\/www.puertovallarta.net\\\/espanol\\\/noticias\\\/ibx-americas-puerto-vallarta-2026\\\/\",\"name\":\"IBX Americas 2026 re\u00fane a compradores MICE en Puerto Vallarta\",\"isPartOf\":{\"@id\":\"https:\\\/\\\/www.puertovallarta.net\\\/espanol\\\/#website\"},\"primaryImageOfPage\":{\"@id\":\"https:\\\/\\\/www.puertovallarta.net\\\/espanol\\\/noticias\\\/ibx-americas-puerto-vallarta-2026\\\/#primaryimage\"},\"image\":{\"@id\":\"https:\\\/\\\/www.puertovallarta.net\\\/espanol\\\/noticias\\\/ibx-americas-puerto-vallarta-2026\\\/#primaryimage\"},\"thumbnailUrl\":\"https:\\\/\\\/www.puertovallarta.net\\\/wp-content\\\/uploads\\\/pvnet-ibtm-mice-puerto-vallarta-hero-clean-2026-08-21.jpg\",\"datePublished\":\"2026-08-31T11:21:44+00:00\",\"description\":\"IBX Americas 2026 se realiza del 30 de agosto al 2 de septiembre en Meli\u00e1 Puerto Vallarta con compradores y proveedores globales MICE.\",\"breadcrumb\":{\"@id\":\"https:\\\/\\\/www.puertovallarta.net\\\/espanol\\\/noticias\\\/ibx-americas-puerto-vallarta-2026\\\/#breadcrumb\"},\"inLanguage\":\"es\",\"potentialAction\":[{\"@type\":\"ReadAction\",\"target\":[\"https:\\\/\\\/www.puertovallarta.net\\\/espanol\\\/noticias\\\/ibx-americas-puerto-vallarta-2026\\\/\"]}]},{\"@type\":\"ImageObject\",\"inLanguage\":\"es\",\"@id\":\"https:\\\/\\\/www.puertovallarta.net\\\/espanol\\\/noticias\\\/ibx-americas-puerto-vallarta-2026\\\/#primaryimage\",\"url\":\"https:\\\/\\\/www.puertovallarta.net\\\/wp-content\\\/uploads\\\/pvnet-ibtm-mice-puerto-vallarta-hero-clean-2026-08-21.jpg\",\"contentUrl\":\"https:\\\/\\\/www.puertovallarta.net\\\/wp-content\\\/uploads\\\/pvnet-ibtm-mice-puerto-vallarta-hero-clean-2026-08-21.jpg\",\"width\":1200,\"height\":675,\"caption\":\"Puerto Vallarta city and event-stage collage for meetings tourism news\"},{\"@type\":\"BreadcrumbList\",\"@id\":\"https:\\\/\\\/www.puertovallarta.net\\\/espanol\\\/noticias\\\/ibx-americas-puerto-vallarta-2026\\\/#breadcrumb\",\"itemListElement\":[{\"@type\":\"ListItem\",\"position\":1,\"name\":\"Inicio\",\"item\":\"https:\\\/\\\/www.puertovallarta.net\\\/espanol\\\/\"},{\"@type\":\"ListItem\",\"position\":2,\"name\":\"IBX Americas 2026 re\u00fane a compradores MICE en Puerto Vallarta\"}]},{\"@type\":\"WebSite\",\"@id\":\"https:\\\/\\\/www.puertovallarta.net\\\/espanol\\\/#website\",\"url\":\"https:\\\/\\\/www.puertovallarta.net\\\/espanol\\\/\",\"name\":\"Puerto Vallarta Net\",\"description\":\"\",\"publisher\":{\"@id\":\"https:\\\/\\\/www.puertovallarta.net\\\/espanol\\\/#organization\"},\"potentialAction\":[{\"@type\":\"SearchAction\",\"target\":{\"@type\":\"EntryPoint\",\"urlTemplate\":\"https:\\\/\\\/www.puertovallarta.net\\\/espanol\\\/?s={search_term_string}\"},\"query-input\":{\"@type\":\"PropertyValueSpecification\",\"valueRequired\":true,\"valueName\":\"search_term_string\"}}],\"inLanguage\":\"es\"},{\"@type\":\"Organization\",\"@id\":\"https:\\\/\\\/www.puertovallarta.net\\\/espanol\\\/#organization\",\"name\":\"Puerto Vallarta Jalisco M\u00e9xico gu\u00eda de viajes\",\"alternateName\":\"Puerto Vallarta\",\"url\":\"https:\\\/\\\/www.puertovallarta.net\\\/espanol\\\/\",\"logo\":{\"@type\":\"ImageObject\",\"inLanguage\":\"es\",\"@id\":\"https:\\\/\\\/www.puertovallarta.net\\\/espanol\\\/#\\\/schema\\\/logo\\\/image\\\/\",\"url\":\"https:\\\/\\\/www.puertovallarta.net\\\/wp-content\\\/uploads\\\/Isologo-Full-Color-Big.png\",\"contentUrl\":\"https:\\\/\\\/www.puertovallarta.net\\\/wp-content\\\/uploads\\\/Isologo-Full-Color-Big.png\",\"width\":1200,\"height\":241,\"caption\":\"Puerto Vallarta Jalisco M\u00e9xico gu\u00eda de viajes\"},\"image\":{\"@id\":\"https:\\\/\\\/www.puertovallarta.net\\\/espanol\\\/#\\\/schema\\\/logo\\\/image\\\/\"},\"sameAs\":[\"https:\\\/\\\/www.facebook.com\\\/puerto.vallarta.jalisco.mexico\\\/\",\"https:\\\/\\\/x.com\\\/puertovallarta2\",\"https:\\\/\\\/www.youtube.com\\\/channel\\\/UChg7y8D0-hnR4odYCnLNalQ\\\/\",\"https:\\\/\\\/www.pinterest.com\\\/puertovallarta\\\/\",\"https:\\\/\\\/www.instagram.com\\\/puertovallartamexico\\\/\"]},{\"@type\":\"Person\",\"@id\":\"https:\\\/\\\/www.puertovallarta.net\\\/espanol\\\/#\\\/schema\\\/person\\\/6b7e34438b77cbcc368a6065dd6cdaca\",\"name\":\"Puerto Vallarta\",\"image\":{\"@type\":\"ImageObject\",\"inLanguage\":\"es\",\"@id\":\"https:\\\/\\\/secure.gravatar.com\\\/avatar\\\/a1537168e27341294ea8e01b5c35e3ef12e2adeaff542b472ed14a69030d6fbe?s=96&d=mm&r=g\",\"url\":\"https:\\\/\\\/secure.gravatar.com\\\/avatar\\\/a1537168e27341294ea8e01b5c35e3ef12e2adeaff542b472ed14a69030d6fbe?s=96&d=mm&r=g\",\"contentUrl\":\"https:\\\/\\\/secure.gravatar.com\\\/avatar\\\/a1537168e27341294ea8e01b5c35e3ef12e2adeaff542b472ed14a69030d6fbe?s=96&d=mm&r=g\",\"caption\":\"Puerto Vallarta\"},\"url\":\"https:\\\/\\\/www.puertovallarta.net\\\/espanol\\\/author\\\/mgallard\\\/\"}]}<\/script>\n<!-- \/ Yoast SEO plugin. -->","yoast_head_json":{"title":"IBX Americas 2026 re\u00fane a compradores MICE en Puerto Vallarta","description":"IBX Americas 2026 se realiza del 30 de agosto al 2 de septiembre en Meli\u00e1 Puerto Vallarta con compradores y proveedores globales MICE.","robots":{"index":"index","follow":"follow","max-snippet":"max-snippet:-1","max-image-preview":"max-image-preview:large","max-video-preview":"max-video-preview:-1"},"canonical":"https:\/\/www.puertovallarta.net\/espanol\/noticias\/ibx-americas-puerto-vallarta-2026\/","og_locale":"es_MX","og_type":"article","og_title":"IBX Americas 2026 re\u00fane a compradores MICE en Puerto Vallarta","og_description":"IBX Americas 2026 se realiza del 30 de agosto al 2 de septiembre en Meli\u00e1 Puerto Vallarta con compradores y proveedores globales MICE.","og_url":"https:\/\/www.puertovallarta.net\/espanol\/noticias\/ibx-americas-puerto-vallarta-2026\/","og_site_name":"Puerto Vallarta Net","article_publisher":"https:\/\/www.facebook.com\/puerto.vallarta.jalisco.mexico\/","article_published_time":"2026-08-31T11:21:44+00:00","og_image":[{"width":1200,"height":675,"url":"https:\/\/www.puertovallarta.net\/wp-content\/uploads\/pvnet-ibtm-mice-puerto-vallarta-hero-clean-2026-08-21.jpg","type":"image\/jpeg"}],"author":"Puerto Vallarta","twitter_card":"summary_large_image","twitter_creator":"@puertovallarta2","twitter_site":"@puertovallarta2","twitter_misc":{"Escrito por":"Puerto Vallarta","Tiempo de lectura":"1 minuto"},"schema":{"@context":"https:\/\/schema.org","@graph":[{"@type":"Article","@id":"https:\/\/www.puertovallarta.net\/espanol\/noticias\/ibx-americas-puerto-vallarta-2026\/#article","isPartOf":{"@id":"https:\/\/www.puertovallarta.net\/espanol\/noticias\/ibx-americas-puerto-vallarta-2026\/"},"author":{"name":"Puerto Vallarta","@id":"https:\/\/www.puertovallarta.net\/espanol\/#\/schema\/person\/6b7e34438b77cbcc368a6065dd6cdaca"},"headline":"IBX Americas 2026 re\u00fane a compradores MICE en Puerto Vallarta","datePublished":"2026-08-31T11:21:44+00:00","mainEntityOfPage":{"@id":"https:\/\/www.puertovallarta.net\/espanol\/noticias\/ibx-americas-puerto-vallarta-2026\/"},"wordCount":290,"commentCount":0,"publisher":{"@id":"https:\/\/www.puertovallarta.net\/espanol\/#organization"},"image":{"@id":"https:\/\/www.puertovallarta.net\/espanol\/noticias\/ibx-americas-puerto-vallarta-2026\/#primaryimage"},"thumbnailUrl":"https:\/\/www.puertovallarta.net\/wp-content\/uploads\/pvnet-ibtm-mice-puerto-vallarta-hero-clean-2026-08-21.jpg","articleSection":["Noticias"],"inLanguage":"es","potentialAction":[{"@type":"CommentAction","name":"Comment","target":["https:\/\/www.puertovallarta.net\/espanol\/noticias\/ibx-americas-puerto-vallarta-2026\/#respond"]}]},{"@type":"WebPage","@id":"https:\/\/www.puertovallarta.net\/espanol\/noticias\/ibx-americas-puerto-vallarta-2026\/","url":"https:\/\/www.puertovallarta.net\/espanol\/noticias\/ibx-americas-puerto-vallarta-2026\/","name":"IBX Americas 2026 re\u00fane a compradores MICE en Puerto Vallarta","isPartOf":{"@id":"https:\/\/www.puertovallarta.net\/espanol\/#website"},"primaryImageOfPage":{"@id":"https:\/\/www.puertovallarta.net\/espanol\/noticias\/ibx-americas-puerto-vallarta-2026\/#primaryimage"},"image":{"@id":"https:\/\/www.puertovallarta.net\/espanol\/noticias\/ibx-americas-puerto-vallarta-2026\/#primaryimage"},"thumbnailUrl":"https:\/\/www.puertovallarta.net\/wp-content\/uploads\/pvnet-ibtm-mice-puerto-vallarta-hero-clean-2026-08-21.jpg","datePublished":"2026-08-31T11:21:44+00:00","description":"IBX Americas 2026 se realiza del 30 de agosto al 2 de septiembre en Meli\u00e1 Puerto Vallarta con compradores y proveedores globales MICE.","breadcrumb":{"@id":"https:\/\/www.puertovallarta.net\/espanol\/noticias\/ibx-americas-puerto-vallarta-2026\/#breadcrumb"},"inLanguage":"es","potentialAction":[{"@type":"ReadAction","target":["https:\/\/www.puertovallarta.net\/espanol\/noticias\/ibx-americas-puerto-vallarta-2026\/"]}]},{"@type":"ImageObject","inLanguage":"es","@id":"https:\/\/www.puertovallarta.net\/espanol\/noticias\/ibx-americas-puerto-vallarta-2026\/#primaryimage","url":"https:\/\/www.puertovallarta.net\/wp-content\/uploads\/pvnet-ibtm-mice-puerto-vallarta-hero-clean-2026-08-21.jpg","contentUrl":"https:\/\/www.puertovallarta.net\/wp-content\/uploads\/pvnet-ibtm-mice-puerto-vallarta-hero-clean-2026-08-21.jpg","width":1200,"height":675,"caption":"Puerto Vallarta city and event-stage collage for meetings tourism news"},{"@type":"BreadcrumbList","@id":"https:\/\/www.puertovallarta.net\/espanol\/noticias\/ibx-americas-puerto-vallarta-2026\/#breadcrumb","itemListElement":[{"@type":"ListItem","position":1,"name":"Inicio","item":"https:\/\/www.puertovallarta.net\/espanol\/"},{"@type":"ListItem","position":2,"name":"IBX Americas 2026 re\u00fane a compradores MICE en Puerto Vallarta"}]},{"@type":"WebSite","@id":"https:\/\/www.puertovallarta.net\/espanol\/#website","url":"https:\/\/www.puertovallarta.net\/espanol\/","name":"Puerto Vallarta Net","description":"","publisher":{"@id":"https:\/\/www.puertovallarta.net\/espanol\/#organization"},"potentialAction":[{"@type":"SearchAction","target":{"@type":"EntryPoint","urlTemplate":"https:\/\/www.puertovallarta.net\/espanol\/?s={search_term_string}"},"query-input":{"@type":"PropertyValueSpecification","valueRequired":true,"valueName":"search_term_string"}}],"inLanguage":"es"},{"@type":"Organization","@id":"https:\/\/www.puertovallarta.net\/espanol\/#organization","name":"Puerto Vallarta Jalisco M\u00e9xico gu\u00eda de viajes","alternateName":"Puerto Vallarta","url":"https:\/\/www.puertovallarta.net\/espanol\/","logo":{"@type":"ImageObject","inLanguage":"es","@id":"https:\/\/www.puertovallarta.net\/espanol\/#\/schema\/logo\/image\/","url":"https:\/\/www.puertovallarta.net\/wp-content\/uploads\/Isologo-Full-Color-Big.png","contentUrl":"https:\/\/www.puertovallarta.net\/wp-content\/uploads\/Isologo-Full-Color-Big.png","width":1200,"height":241,"caption":"Puerto Vallarta Jalisco M\u00e9xico gu\u00eda de viajes"},"image":{"@id":"https:\/\/www.puertovallarta.net\/espanol\/#\/schema\/logo\/image\/"},"sameAs":["https:\/\/www.facebook.com\/puerto.vallarta.jalisco.mexico\/","https:\/\/x.com\/puertovallarta2","https:\/\/www.youtube.com\/channel\/UChg7y8D0-hnR4odYCnLNalQ\/","https:\/\/www.pinterest.com\/puertovallarta\/","https:\/\/www.instagram.com\/puertovallartamexico\/"]},{"@type":"Person","@id":"https:\/\/www.puertovallarta.net\/espanol\/#\/schema\/person\/6b7e34438b77cbcc368a6065dd6cdaca","name":"Puerto Vallarta","image":{"@type":"ImageObject","inLanguage":"es","@id":"https:\/\/secure.gravatar.com\/avatar\/a1537168e27341294ea8e01b5c35e3ef12e2adeaff542b472ed14a69030d6fbe?s=96&d=mm&r=g","url":"https:\/\/secure.gravatar.com\/avatar\/a1537168e27341294ea8e01b5c35e3ef12e2adeaff542b472ed14a69030d6fbe?s=96&d=mm&r=g","contentUrl":"https:\/\/secure.gravatar.com\/avatar\/a1537168e27341294ea8e01b5c35e3ef12e2adeaff542b472ed14a69030d6fbe?s=96&d=mm&r=g","caption":"Puerto Vallarta"},"url":"https:\/\/www.puertovallarta.net\/espanol\/author\/mgallard\/"}]}},"_links":{"self":[{"href":"https:\/\/www.puertovallarta.net\/espanol\/wp-json\/wp\/v2\/posts\/37575","targetHints":{"allow":["GET"]}}],"collection":[{"href":"https:\/\/www.puertovallarta.net\/espanol\/wp-json\/wp\/v2\/posts"}],"about":[{"href":"https:\/\/www.puertovallarta.net\/espanol\/wp-json\/wp\/v2\/types\/post"}],"author":[{"embeddable":true,"href":"https:\/\/www.puertovallarta.net\/espanol\/wp-json\/wp\/v2\/users\/5"}],"replies":[{"embeddable":true,"href":"https:\/\/www.puertovallarta.net\/espanol\/wp-json\/wp\/v2\/comments?post=37575"}],"version-history":[{"count":1,"href":"https:\/\/www.puertovallarta.net\/espanol\/wp-json\/wp\/v2\/posts\/37575\/revisions"}],"predecessor-version":[{"id":37576,"href":"https:\/\/www.puertovallarta.net\/espanol\/wp-json\/wp\/v2\/posts\/37575\/revisions\/37576"}],"wp:featuredmedia":[{"embeddable":true,"href":"https:\/\/www.puertovallarta.net\/espanol\/wp-json\/wp\/v2\/media\/37500"}],"wp:attachment":[{"href":"https:\/\/www.puertovallarta.net\/espanol\/wp-json\/wp\/v2\/media?parent=37575"}],"wp:term":[{"taxonomy":"category","embeddable":true,"href":"https:\/\/www.puertovallarta.net\/espanol\/wp-json\/wp\/v2\/categories?post=37575"},{"taxonomy":"post_tag","embeddable":true,"href":"https:\/\/www.puertovallarta.net\/espanol\/wp-json\/wp\/v2\/tags?post=37575"}],"curies":[{"name":"wp","href":"https:\/\/api.w.org\/{rel}","templated":true}]}}